{"id":16072,"date":"2024-07-26T13:36:48","date_gmt":"2024-07-26T12:36:48","guid":{"rendered":"https:\/\/www.vellsam.com\/a-vellsam-apresenta-a-sua-nova-linha-revital-por-ocasiao-do-seu-25o-aniversario\/"},"modified":"2024-07-26T13:47:29","modified_gmt":"2024-07-26T12:47:29","slug":"a-vellsam-apresenta-a-sua-nova-linha-revital-por-ocasiao-do-seu-25o-aniversario","status":"publish","type":"post","link":"https:\/\/www.vellsam.com\/pt-pt\/a-vellsam-apresenta-a-sua-nova-linha-revital-por-ocasiao-do-seu-25o-aniversario\/","title":{"rendered":"A Vellsam apresenta a sua nova linha &#8220;Revital&#8221; por ocasi\u00e3o do seu 25\u00ba anivers\u00e1rio"},"content":{"rendered":"\n<p class=\"has-medium-font-size\"><em>Novas solu\u00e7\u00f5es tecnol\u00f3gicas de ponta formuladas pelo departamento de I&amp;D&amp;I para aumentar o rendimento em todas as fases vegetativas das culturas.<\/em><\/p>\n\n<p>A Vellsam Materias Bioactivas celebra o seu 25\u00ba anivers\u00e1rio este ano de 2024 e tem vindo a realizar v\u00e1rias ac\u00e7\u00f5es nos \u00faltimos meses para comemorar este quarto de s\u00e9culo a ajudar a melhorar as culturas e a sa\u00fade das pessoas em todo o mundo.\nSe este anivers\u00e1rio foi inaugurado com uma nova imagem corporativa, agora surge uma nova linha de produtos: sob o novo t\u00edtulo &#8220;Revital&#8221;, a Vellsam apresenta novas solu\u00e7\u00f5es tecnol\u00f3gicas de vanguarda, formuladas pelo departamento de I-D-i para aumentar o rendimento em todas as fases vegetativas das culturas. <\/p>\n\n<p>Um destes novos produtos da gama &#8220;Revital&#8221; \u00e9 o Vellca Vital, uma solu\u00e7\u00e3o t\u00e9cnica de c\u00e1lcio com um elevado teor de sil\u00edcio sob a forma de \u00e1cido ortosil\u00edcico que regula a absor\u00e7\u00e3o e o transporte de nutrientes essenciais como o c\u00e1lcio, o f\u00f3sforo, o pot\u00e1ssio e o magn\u00e9sio nas plantas.\nA sua a\u00e7\u00e3o fortalece as c\u00e9lulas vegetais, aumentando a sua rigidez e resist\u00eancia, ao mesmo tempo que reduz as perdas por evapotranspira\u00e7\u00e3o, mantendo o equil\u00edbrio h\u00eddrico em condi\u00e7\u00f5es de elevada transpira\u00e7\u00e3o.\n\u00c9 recomendado para os per\u00edodos de crescimento e desenvolvimento, fortalecendo os tecidos e participando na forma\u00e7\u00e3o das membranas celulares.  <\/p>\n\n<p>Radivell Vital \u00e9 um potente enraizante concebido com uma mistura \u00f3ptima de amino\u00e1cidos enriquecidos, como o \u00e1cido glut\u00e2mico e o triptofano, que melhoram a absor\u00e7\u00e3o dos nutrientes e da \u00e1gua, favorecendo um enraizamento mais eficaz.\nEste produto estimula naturalmente a s\u00edntese de auxinas (AIA), o que o torna especialmente \u00fatil em per\u00edodos de perda de ra\u00edzes.\nEstimula o crescimento radicular, neutraliza os efeitos fitot\u00f3xicos dos metais pesados, previne o aparecimento de car\u00eancias nutricionais, favorece o crescimento de bact\u00e9rias fixadoras de azoto, melhora a resist\u00eancia das ra\u00edzes \u00e0s baixas temperaturas e ajuda a planta a superar o stress nutricional, h\u00eddrico, fitopatol\u00f3gico e t\u00e9rmico.  <\/p>\n\n<p>Por outro lado, Maxivell Vital \u00e9 um fertilizante com amino\u00e1cidos obtidos por fermenta\u00e7\u00e3o enzim\u00e1tica de leveduras que actua favorecendo o vingamento e a engorda dos frutos e o seu rendimento, bem como favorecendo uma flora\u00e7\u00e3o homog\u00e9nea, gra\u00e7as ao seu elevado teor em amino\u00e1cidos biologicamente activos, pot\u00e1ssio e f\u00f3sforo.\n\u00c9 um produto altamente eficaz na indu\u00e7\u00e3o do processo de frutifica\u00e7\u00e3o que n\u00e3o cont\u00e9m hormonas na sua composi\u00e7\u00e3o e que aumenta o n\u00famero de frutos por planta devido \u00e0 melhoria geral do processo de frutifica\u00e7\u00e3o. <\/p>\n\n<p>Brixtoner Vital \u00e9 um fertilizante com amino\u00e1cidos que aumenta os n\u00edveis de a\u00e7\u00facar (\u00ba Brix) nos frutos, melhorando a sua produ\u00e7\u00e3o e qualidade.\n\u00c9 ideal para ser aplicado durante a matura\u00e7\u00e3o dos frutos, ajudando as plantas a converter o amido e os frutanos em a\u00e7\u00facares como a sacarose atrav\u00e9s do processo de fotoss\u00edntese.\nCont\u00e9m oligossac\u00e1ridos que s\u00e3o transportados das folhas para os frutos durante o seu desenvolvimento e amadurecimento.\nOs amino\u00e1cidos s\u00e3o fundamentais para a colora\u00e7\u00e3o e o amadurecimento dos frutos, aumentando a cor e os s\u00f3lidos sol\u00faveis em uvas de mesa, citrinos, bagas, macieiras e legumes.   <\/p>\n\n<p>Finalmente, Auxvell Vital \u00e9 um produto que combina L-triptofano concentrado e glicina beta\u00edna (7%) de origem natural.\nPromove a s\u00edntese de auxinas (AIA) de forma natural, melhorando o enraizamento e a engorda dos frutos.  Reduz tamb\u00e9m a necessidade de hormonas ex\u00f3genas. O seu teor de glicina beta\u00edna assegura uma transloca\u00e7\u00e3o adequada nas culturas sujeitas a stress abi\u00f3tico.\nReduz tamb\u00e9m a incid\u00eancia de fisiopatologias relacionadas com o stress, tais como aborto de frutos, m\u00e1 qualidade das flores, fissuras e malforma\u00e7\u00f5es nos frutos e noutras estruturas das plantas.   <\/p>\n\n<p>Todas estas novas solu\u00e7\u00f5es da Vellsam Materias Bioactivas j\u00e1 foram testadas em diferentes tipos de culturas.\nAssim, com Auxvell Vital obtiveram-se aumentos de peso, tamanho e calibre em diferentes culturas de melancia e mel\u00e3o em estufa; tamb\u00e9m com Auxvell Vital e Maxivell Vital se conseguiu uma melhor produ\u00e7\u00e3o, qualidade da colheita e rendimento numa \u00e1rea de 30.000 metros quadrados com cultivos de tomate Galden, com maior flora\u00e7\u00e3o e maior frutifica\u00e7\u00e3o; com Brixtoner Vital aumentou-se o Brix \u00ba at\u00e9 20% e melhorou-se a firmeza e o peso do fruto em tomate Angelle; com Radivell Vital conseguiu-se um maior comprimento radicular, biomassa vegetativa e absor\u00e7\u00e3o de nutrientes em cultivos de courgette. <\/p>\n\n<p>Criada em 1999, a partir do esp\u00edrito empreendedor e da paix\u00e3o empresarial dos seus fundadores, Mar\u00eda Zamora e Francisco Castillo, conscientes das necessidades da agricultura do final do s\u00e9culo XX para melhorar os r\u00e1cios de produtividade e a rentabilidade do agricultor de origem, a Vellsam Materias Bioactivas assessora h\u00e1 25 anos os agricultores de todo o mundo com solu\u00e7\u00f5es biotecnol\u00f3gicas \u00e0 medida para melhorar o rendimento das suas culturas.<\/p>\n\n<p>Com o firme objetivo de levar o seu modelo de agricultura sustent\u00e1vel a todo o mundo, a empresa sempre teve como principal objetivo a investiga\u00e7\u00e3o e o desenvolvimento de formula\u00e7\u00f5es nutricionais inovadoras que respeitem as culturas e os alimentos que comp\u00f5em o nosso menu di\u00e1rio, fazendo da Vellsam uma refer\u00eancia na investiga\u00e7\u00e3o, conce\u00e7\u00e3o e produ\u00e7\u00e3o de solu\u00e7\u00f5es biotecnol\u00f3gicas personalizadas e contribuindo significativamente para o desenvolvimento de modelos agr\u00edcolas em todo o mundo, estando presente em cerca de quarenta pa\u00edses.<\/p>\n","protected":false},"excerpt":{"rendered":"<p>Novas solu\u00e7\u00f5es tecnol\u00f3gicas de ponta formuladas pelo departamento de I&amp;D&amp;I para aumentar o rendimento em todas as fases vegetativas das culturas. A Vellsam Materias Bioactivas celebra o seu 25\u00ba anivers\u00e1rio este ano de 2024 e tem vindo a realizar v\u00e1rias ac\u00e7\u00f5es nos \u00faltimos meses para comemorar este quarto de s\u00e9culo a ajudar a melhorar as [&hellip;]<\/p>\n","protected":false},"author":3,"featured_media":16068,"comment_status":"closed","ping_status":"open","sticky":false,"template":"","format":"standard","meta":{"_acf_changed":false,"om_disable_all_campaigns":false,"_monsterinsights_skip_tracking":false,"_monsterinsights_sitenote_active":false,"_monsterinsights_sitenote_note":"","_monsterinsights_sitenote_category":0,"_uf_show_specific_survey":0,"_uf_disable_surveys":false,"footnotes":""},"categories":[65],"tags":[],"class_list":["post-16072","post","type-post","status-publish","format-standard","has-post-thumbnail","hentry","category-sem-categoria"],"acf":[],"yoast_head":"<!-- This site is optimized with the Yoast SEO plugin v27.5 - https:\/\/yoast.com\/product\/yoast-seo-wordpress\/ -->\n<title>A Vellsam apresenta a sua nova linha &quot;Revital&quot; por ocasi\u00e3o do seu 25\u00ba anivers\u00e1rio - Vellsam<\/title>\n<meta name=\"robots\" content=\"index, follow, max-snippet:-1, max-image-preview:large, max-video-preview:-1\" \/>\n<link rel=\"canonical\" href=\"https:\/\/www.vellsam.com\/vellsam-presenta-su-nueva-linea-revital-con-motivo-de-su-25o-aniversario\/\" \/>\n<meta property=\"og:locale\" content=\"pt_PT\" \/>\n<meta property=\"og:type\" content=\"article\" \/>\n<meta property=\"og:title\" content=\"A Vellsam apresenta a sua nova linha &quot;Revital&quot; por ocasi\u00e3o do seu 25\u00ba anivers\u00e1rio - Vellsam\" \/>\n<meta property=\"og:description\" content=\"Novas solu\u00e7\u00f5es tecnol\u00f3gicas de ponta formuladas pelo departamento de I&amp;D&amp;I para aumentar o rendimento em todas as fases vegetativas das culturas. A Vellsam Materias Bioactivas celebra o seu 25\u00ba anivers\u00e1rio este ano de 2024 e tem vindo a realizar v\u00e1rias ac\u00e7\u00f5es nos \u00faltimos meses para comemorar este quarto de s\u00e9culo a ajudar a melhorar as [&hellip;]\" \/>\n<meta property=\"og:url\" content=\"https:\/\/www.vellsam.com\/vellsam-presenta-su-nueva-linea-revital-con-motivo-de-su-25o-aniversario\/\" \/>\n<meta property=\"og:site_name\" content=\"Vellsam\" \/>\n<meta property=\"article:publisher\" content=\"https:\/\/www.facebook.com\/vellsam.mb\" \/>\n<meta property=\"article:published_time\" content=\"2024-07-26T12:36:48+00:00\" \/>\n<meta property=\"article:modified_time\" content=\"2024-07-26T12:47:29+00:00\" \/>\n<meta property=\"og:image\" content=\"https:\/\/www.vellsam.com\/wp-content\/uploads\/2024\/07\/Nueva-linea-Revital.jpg\" \/>\n\t<meta property=\"og:image:width\" content=\"1600\" \/>\n\t<meta property=\"og:image:height\" content=\"1534\" \/>\n\t<meta property=\"og:image:type\" content=\"image\/jpeg\" \/>\n<meta name=\"author\" content=\"adurillo\" \/>\n<meta name=\"twitter:card\" content=\"summary_large_image\" \/>\n<meta name=\"twitter:creator\" content=\"@Vellsam_MB\" \/>\n<meta name=\"twitter:site\" content=\"@Vellsam_MB\" \/>\n<meta name=\"twitter:label1\" content=\"Escrito por\" \/>\n\t<meta name=\"twitter:data1\" content=\"adurillo\" \/>\n\t<meta name=\"twitter:label2\" content=\"Tempo estimado de leitura\" \/>\n\t<meta name=\"twitter:data2\" content=\"5 minutos\" \/>\n<script type=\"application\/ld+json\" class=\"yoast-schema-graph\">{\"@context\":\"https:\\\/\\\/schema.org\",\"@graph\":[{\"@type\":\"Article\",\"@id\":\"https:\\\/\\\/www.vellsam.com\\\/vellsam-presenta-su-nueva-linea-revital-con-motivo-de-su-25o-aniversario\\\/#article\",\"isPartOf\":{\"@id\":\"https:\\\/\\\/www.vellsam.com\\\/vellsam-presenta-su-nueva-linea-revital-con-motivo-de-su-25o-aniversario\\\/\"},\"author\":{\"name\":\"adurillo\",\"@id\":\"https:\\\/\\\/www.vellsam.com\\\/#\\\/schema\\\/person\\\/02f793577a22b6f8c941797879c78ab1\"},\"headline\":\"A Vellsam apresenta a sua nova linha &#8220;Revital&#8221; por ocasi\u00e3o do seu 25\u00ba anivers\u00e1rio\",\"datePublished\":\"2024-07-26T12:36:48+00:00\",\"dateModified\":\"2024-07-26T12:47:29+00:00\",\"mainEntityOfPage\":{\"@id\":\"https:\\\/\\\/www.vellsam.com\\\/vellsam-presenta-su-nueva-linea-revital-con-motivo-de-su-25o-aniversario\\\/\"},\"wordCount\":950,\"publisher\":{\"@id\":\"https:\\\/\\\/www.vellsam.com\\\/#organization\"},\"image\":{\"@id\":\"https:\\\/\\\/www.vellsam.com\\\/vellsam-presenta-su-nueva-linea-revital-con-motivo-de-su-25o-aniversario\\\/#primaryimage\"},\"thumbnailUrl\":\"https:\\\/\\\/www.vellsam.com\\\/wp-content\\\/uploads\\\/2024\\\/07\\\/Nueva-linea-Revital.jpg\",\"inLanguage\":\"pt-PT\"},{\"@type\":\"WebPage\",\"@id\":\"https:\\\/\\\/www.vellsam.com\\\/vellsam-presenta-su-nueva-linea-revital-con-motivo-de-su-25o-aniversario\\\/\",\"url\":\"https:\\\/\\\/www.vellsam.com\\\/vellsam-presenta-su-nueva-linea-revital-con-motivo-de-su-25o-aniversario\\\/\",\"name\":\"A Vellsam apresenta a sua nova linha \\\"Revital\\\" por ocasi\u00e3o do seu 25\u00ba anivers\u00e1rio - Vellsam\",\"isPartOf\":{\"@id\":\"https:\\\/\\\/www.vellsam.com\\\/#website\"},\"primaryImageOfPage\":{\"@id\":\"https:\\\/\\\/www.vellsam.com\\\/vellsam-presenta-su-nueva-linea-revital-con-motivo-de-su-25o-aniversario\\\/#primaryimage\"},\"image\":{\"@id\":\"https:\\\/\\\/www.vellsam.com\\\/vellsam-presenta-su-nueva-linea-revital-con-motivo-de-su-25o-aniversario\\\/#primaryimage\"},\"thumbnailUrl\":\"https:\\\/\\\/www.vellsam.com\\\/wp-content\\\/uploads\\\/2024\\\/07\\\/Nueva-linea-Revital.jpg\",\"datePublished\":\"2024-07-26T12:36:48+00:00\",\"dateModified\":\"2024-07-26T12:47:29+00:00\",\"breadcrumb\":{\"@id\":\"https:\\\/\\\/www.vellsam.com\\\/vellsam-presenta-su-nueva-linea-revital-con-motivo-de-su-25o-aniversario\\\/#breadcrumb\"},\"inLanguage\":\"pt-PT\",\"potentialAction\":[{\"@type\":\"ReadAction\",\"target\":[\"https:\\\/\\\/www.vellsam.com\\\/vellsam-presenta-su-nueva-linea-revital-con-motivo-de-su-25o-aniversario\\\/\"]}]},{\"@type\":\"ImageObject\",\"inLanguage\":\"pt-PT\",\"@id\":\"https:\\\/\\\/www.vellsam.com\\\/vellsam-presenta-su-nueva-linea-revital-con-motivo-de-su-25o-aniversario\\\/#primaryimage\",\"url\":\"https:\\\/\\\/www.vellsam.com\\\/wp-content\\\/uploads\\\/2024\\\/07\\\/Nueva-linea-Revital.jpg\",\"contentUrl\":\"https:\\\/\\\/www.vellsam.com\\\/wp-content\\\/uploads\\\/2024\\\/07\\\/Nueva-linea-Revital.jpg\",\"width\":1600,\"height\":1534},{\"@type\":\"BreadcrumbList\",\"@id\":\"https:\\\/\\\/www.vellsam.com\\\/vellsam-presenta-su-nueva-linea-revital-con-motivo-de-su-25o-aniversario\\\/#breadcrumb\",\"itemListElement\":[{\"@type\":\"ListItem\",\"position\":1,\"name\":\"Portada\",\"item\":\"https:\\\/\\\/www.vellsam.com\\\/\"},{\"@type\":\"ListItem\",\"position\":2,\"name\":\"A Vellsam apresenta a sua nova linha \u00abRevital\u00bb por ocasi\u00e3o do seu 25\u00ba anivers\u00e1rio\"}]},{\"@type\":\"WebSite\",\"@id\":\"https:\\\/\\\/www.vellsam.com\\\/#website\",\"url\":\"https:\\\/\\\/www.vellsam.com\\\/\",\"name\":\"Vellsam\",\"description\":\"Soluciones biotecnol\u00f3gicas para el desarrollo agr\u00edcola\",\"publisher\":{\"@id\":\"https:\\\/\\\/www.vellsam.com\\\/#organization\"},\"potentialAction\":[{\"@type\":\"SearchAction\",\"target\":{\"@type\":\"EntryPoint\",\"urlTemplate\":\"https:\\\/\\\/www.vellsam.com\\\/?s={search_term_string}\"},\"query-input\":{\"@type\":\"PropertyValueSpecification\",\"valueRequired\":true,\"valueName\":\"search_term_string\"}}],\"inLanguage\":\"pt-PT\"},{\"@type\":\"Organization\",\"@id\":\"https:\\\/\\\/www.vellsam.com\\\/#organization\",\"name\":\"Vellsam\",\"url\":\"https:\\\/\\\/www.vellsam.com\\\/\",\"logo\":{\"@type\":\"ImageObject\",\"inLanguage\":\"pt-PT\",\"@id\":\"https:\\\/\\\/www.vellsam.com\\\/#\\\/schema\\\/logo\\\/image\\\/\",\"url\":\"https:\\\/\\\/www.vellsam.com\\\/wp-content\\\/uploads\\\/2023\\\/01\\\/vellsam-logo.png\",\"contentUrl\":\"https:\\\/\\\/www.vellsam.com\\\/wp-content\\\/uploads\\\/2023\\\/01\\\/vellsam-logo.png\",\"width\":340,\"height\":59,\"caption\":\"Vellsam\"},\"image\":{\"@id\":\"https:\\\/\\\/www.vellsam.com\\\/#\\\/schema\\\/logo\\\/image\\\/\"},\"sameAs\":[\"https:\\\/\\\/www.facebook.com\\\/vellsam.mb\",\"https:\\\/\\\/x.com\\\/Vellsam_MB\",\"https:\\\/\\\/www.linkedin.com\\\/company\\\/11061739\\\/\"]},{\"@type\":\"Person\",\"@id\":\"https:\\\/\\\/www.vellsam.com\\\/#\\\/schema\\\/person\\\/02f793577a22b6f8c941797879c78ab1\",\"name\":\"adurillo\",\"image\":{\"@type\":\"ImageObject\",\"inLanguage\":\"pt-PT\",\"@id\":\"https:\\\/\\\/secure.gravatar.com\\\/avatar\\\/304cb7575f27e28fdb8ad49b7cb007c335740114da3f0ba78bfec3865b8caaa7?s=96&d=mm&r=g\",\"url\":\"https:\\\/\\\/secure.gravatar.com\\\/avatar\\\/304cb7575f27e28fdb8ad49b7cb007c335740114da3f0ba78bfec3865b8caaa7?s=96&d=mm&r=g\",\"contentUrl\":\"https:\\\/\\\/secure.gravatar.com\\\/avatar\\\/304cb7575f27e28fdb8ad49b7cb007c335740114da3f0ba78bfec3865b8caaa7?s=96&d=mm&r=g\",\"caption\":\"adurillo\"},\"url\":\"https:\\\/\\\/www.vellsam.com\\\/pt-pt\\\/author\\\/adurillo\\\/\"}]}<\/script>\n<!-- \/ Yoast SEO plugin. -->","yoast_head_json":{"title":"A Vellsam apresenta a sua nova linha \"Revital\" por ocasi\u00e3o do seu 25\u00ba anivers\u00e1rio - Vellsam","robots":{"index":"index","follow":"follow","max-snippet":"max-snippet:-1","max-image-preview":"max-image-preview:large","max-video-preview":"max-video-preview:-1"},"canonical":"https:\/\/www.vellsam.com\/vellsam-presenta-su-nueva-linea-revital-con-motivo-de-su-25o-aniversario\/","og_locale":"pt_PT","og_type":"article","og_title":"A Vellsam apresenta a sua nova linha \"Revital\" por ocasi\u00e3o do seu 25\u00ba anivers\u00e1rio - Vellsam","og_description":"Novas solu\u00e7\u00f5es tecnol\u00f3gicas de ponta formuladas pelo departamento de I&amp;D&amp;I para aumentar o rendimento em todas as fases vegetativas das culturas. A Vellsam Materias Bioactivas celebra o seu 25\u00ba anivers\u00e1rio este ano de 2024 e tem vindo a realizar v\u00e1rias ac\u00e7\u00f5es nos \u00faltimos meses para comemorar este quarto de s\u00e9culo a ajudar a melhorar as [&hellip;]","og_url":"https:\/\/www.vellsam.com\/vellsam-presenta-su-nueva-linea-revital-con-motivo-de-su-25o-aniversario\/","og_site_name":"Vellsam","article_publisher":"https:\/\/www.facebook.com\/vellsam.mb","article_published_time":"2024-07-26T12:36:48+00:00","article_modified_time":"2024-07-26T12:47:29+00:00","og_image":[{"width":1600,"height":1534,"url":"https:\/\/www.vellsam.com\/wp-content\/uploads\/2024\/07\/Nueva-linea-Revital.jpg","type":"image\/jpeg"}],"author":"adurillo","twitter_card":"summary_large_image","twitter_creator":"@Vellsam_MB","twitter_site":"@Vellsam_MB","twitter_misc":{"Escrito por":"adurillo","Tempo estimado de leitura":"5 minutos"},"schema":{"@context":"https:\/\/schema.org","@graph":[{"@type":"Article","@id":"https:\/\/www.vellsam.com\/vellsam-presenta-su-nueva-linea-revital-con-motivo-de-su-25o-aniversario\/#article","isPartOf":{"@id":"https:\/\/www.vellsam.com\/vellsam-presenta-su-nueva-linea-revital-con-motivo-de-su-25o-aniversario\/"},"author":{"name":"adurillo","@id":"https:\/\/www.vellsam.com\/#\/schema\/person\/02f793577a22b6f8c941797879c78ab1"},"headline":"A Vellsam apresenta a sua nova linha &#8220;Revital&#8221; por ocasi\u00e3o do seu 25\u00ba anivers\u00e1rio","datePublished":"2024-07-26T12:36:48+00:00","dateModified":"2024-07-26T12:47:29+00:00","mainEntityOfPage":{"@id":"https:\/\/www.vellsam.com\/vellsam-presenta-su-nueva-linea-revital-con-motivo-de-su-25o-aniversario\/"},"wordCount":950,"publisher":{"@id":"https:\/\/www.vellsam.com\/#organization"},"image":{"@id":"https:\/\/www.vellsam.com\/vellsam-presenta-su-nueva-linea-revital-con-motivo-de-su-25o-aniversario\/#primaryimage"},"thumbnailUrl":"https:\/\/www.vellsam.com\/wp-content\/uploads\/2024\/07\/Nueva-linea-Revital.jpg","inLanguage":"pt-PT"},{"@type":"WebPage","@id":"https:\/\/www.vellsam.com\/vellsam-presenta-su-nueva-linea-revital-con-motivo-de-su-25o-aniversario\/","url":"https:\/\/www.vellsam.com\/vellsam-presenta-su-nueva-linea-revital-con-motivo-de-su-25o-aniversario\/","name":"A Vellsam apresenta a sua nova linha \"Revital\" por ocasi\u00e3o do seu 25\u00ba anivers\u00e1rio - Vellsam","isPartOf":{"@id":"https:\/\/www.vellsam.com\/#website"},"primaryImageOfPage":{"@id":"https:\/\/www.vellsam.com\/vellsam-presenta-su-nueva-linea-revital-con-motivo-de-su-25o-aniversario\/#primaryimage"},"image":{"@id":"https:\/\/www.vellsam.com\/vellsam-presenta-su-nueva-linea-revital-con-motivo-de-su-25o-aniversario\/#primaryimage"},"thumbnailUrl":"https:\/\/www.vellsam.com\/wp-content\/uploads\/2024\/07\/Nueva-linea-Revital.jpg","datePublished":"2024-07-26T12:36:48+00:00","dateModified":"2024-07-26T12:47:29+00:00","breadcrumb":{"@id":"https:\/\/www.vellsam.com\/vellsam-presenta-su-nueva-linea-revital-con-motivo-de-su-25o-aniversario\/#breadcrumb"},"inLanguage":"pt-PT","potentialAction":[{"@type":"ReadAction","target":["https:\/\/www.vellsam.com\/vellsam-presenta-su-nueva-linea-revital-con-motivo-de-su-25o-aniversario\/"]}]},{"@type":"ImageObject","inLanguage":"pt-PT","@id":"https:\/\/www.vellsam.com\/vellsam-presenta-su-nueva-linea-revital-con-motivo-de-su-25o-aniversario\/#primaryimage","url":"https:\/\/www.vellsam.com\/wp-content\/uploads\/2024\/07\/Nueva-linea-Revital.jpg","contentUrl":"https:\/\/www.vellsam.com\/wp-content\/uploads\/2024\/07\/Nueva-linea-Revital.jpg","width":1600,"height":1534},{"@type":"BreadcrumbList","@id":"https:\/\/www.vellsam.com\/vellsam-presenta-su-nueva-linea-revital-con-motivo-de-su-25o-aniversario\/#breadcrumb","itemListElement":[{"@type":"ListItem","position":1,"name":"Portada","item":"https:\/\/www.vellsam.com\/"},{"@type":"ListItem","position":2,"name":"A Vellsam apresenta a sua nova linha \u00abRevital\u00bb por ocasi\u00e3o do seu 25\u00ba anivers\u00e1rio"}]},{"@type":"WebSite","@id":"https:\/\/www.vellsam.com\/#website","url":"https:\/\/www.vellsam.com\/","name":"Vellsam","description":"Soluciones biotecnol\u00f3gicas para el desarrollo agr\u00edcola","publisher":{"@id":"https:\/\/www.vellsam.com\/#organization"},"potentialAction":[{"@type":"SearchAction","target":{"@type":"EntryPoint","urlTemplate":"https:\/\/www.vellsam.com\/?s={search_term_string}"},"query-input":{"@type":"PropertyValueSpecification","valueRequired":true,"valueName":"search_term_string"}}],"inLanguage":"pt-PT"},{"@type":"Organization","@id":"https:\/\/www.vellsam.com\/#organization","name":"Vellsam","url":"https:\/\/www.vellsam.com\/","logo":{"@type":"ImageObject","inLanguage":"pt-PT","@id":"https:\/\/www.vellsam.com\/#\/schema\/logo\/image\/","url":"https:\/\/www.vellsam.com\/wp-content\/uploads\/2023\/01\/vellsam-logo.png","contentUrl":"https:\/\/www.vellsam.com\/wp-content\/uploads\/2023\/01\/vellsam-logo.png","width":340,"height":59,"caption":"Vellsam"},"image":{"@id":"https:\/\/www.vellsam.com\/#\/schema\/logo\/image\/"},"sameAs":["https:\/\/www.facebook.com\/vellsam.mb","https:\/\/x.com\/Vellsam_MB","https:\/\/www.linkedin.com\/company\/11061739\/"]},{"@type":"Person","@id":"https:\/\/www.vellsam.com\/#\/schema\/person\/02f793577a22b6f8c941797879c78ab1","name":"adurillo","image":{"@type":"ImageObject","inLanguage":"pt-PT","@id":"https:\/\/secure.gravatar.com\/avatar\/304cb7575f27e28fdb8ad49b7cb007c335740114da3f0ba78bfec3865b8caaa7?s=96&d=mm&r=g","url":"https:\/\/secure.gravatar.com\/avatar\/304cb7575f27e28fdb8ad49b7cb007c335740114da3f0ba78bfec3865b8caaa7?s=96&d=mm&r=g","contentUrl":"https:\/\/secure.gravatar.com\/avatar\/304cb7575f27e28fdb8ad49b7cb007c335740114da3f0ba78bfec3865b8caaa7?s=96&d=mm&r=g","caption":"adurillo"},"url":"https:\/\/www.vellsam.com\/pt-pt\/author\/adurillo\/"}]}},"_links":{"self":[{"href":"https:\/\/www.vellsam.com\/pt-pt\/wp-json\/wp\/v2\/posts\/16072","targetHints":{"allow":["GET"]}}],"collection":[{"href":"https:\/\/www.vellsam.com\/pt-pt\/wp-json\/wp\/v2\/posts"}],"about":[{"href":"https:\/\/www.vellsam.com\/pt-pt\/wp-json\/wp\/v2\/types\/post"}],"author":[{"embeddable":true,"href":"https:\/\/www.vellsam.com\/pt-pt\/wp-json\/wp\/v2\/users\/3"}],"replies":[{"embeddable":true,"href":"https:\/\/www.vellsam.com\/pt-pt\/wp-json\/wp\/v2\/comments?post=16072"}],"version-history":[{"count":1,"href":"https:\/\/www.vellsam.com\/pt-pt\/wp-json\/wp\/v2\/posts\/16072\/revisions"}],"predecessor-version":[{"id":16073,"href":"https:\/\/www.vellsam.com\/pt-pt\/wp-json\/wp\/v2\/posts\/16072\/revisions\/16073"}],"wp:featuredmedia":[{"embeddable":true,"href":"https:\/\/www.vellsam.com\/pt-pt\/wp-json\/wp\/v2\/media\/16068"}],"wp:attachment":[{"href":"https:\/\/www.vellsam.com\/pt-pt\/wp-json\/wp\/v2\/media?parent=16072"}],"wp:term":[{"taxonomy":"category","embeddable":true,"href":"https:\/\/www.vellsam.com\/pt-pt\/wp-json\/wp\/v2\/categories?post=16072"},{"taxonomy":"post_tag","embeddable":true,"href":"https:\/\/www.vellsam.com\/pt-pt\/wp-json\/wp\/v2\/tags?post=16072"}],"curies":[{"name":"wp","href":"https:\/\/api.w.org\/{rel}","templated":true}]}}