{"id":16074,"date":"2024-07-26T13:36:48","date_gmt":"2024-07-26T12:36:48","guid":{"rendered":"https:\/\/www.vellsam.com\/vellsam-presente-sa-nouvelle-ligne-revital-a-loccasion-de-son-25eme-anniversaire\/"},"modified":"2024-07-26T13:47:29","modified_gmt":"2024-07-26T12:47:29","slug":"vellsam-presente-sa-nouvelle-ligne-revital-a-loccasion-de-son-25eme-anniversaire","status":"publish","type":"post","link":"https:\/\/www.vellsam.com\/fr\/vellsam-presente-sa-nouvelle-ligne-revital-a-loccasion-de-son-25eme-anniversaire\/","title":{"rendered":"Vellsam pr\u00e9sente sa nouvelle ligne &lsquo;Revital&rsquo; \u00e0 l&rsquo;occasion de son 25\u00e8me anniversaire"},"content":{"rendered":"\n<p class=\"has-medium-font-size\"><em>Nouvelles solutions technologiques de pointe formul\u00e9es par le d\u00e9partement R&amp;D&amp;I pour augmenter les rendements \u00e0 tous les stades v\u00e9g\u00e9tatifs des cultures.<\/em><\/p>\n\n<p>Vellsam Materias Bioactivas f\u00eate ses 25 ans en cette ann\u00e9e 2024 et a men\u00e9 plusieurs actions au cours des derniers mois pour comm\u00e9morer ce quart de si\u00e8cle pass\u00e9 \u00e0 contribuer \u00e0 l&rsquo;am\u00e9lioration des cultures et de la sant\u00e9 des populations du monde entier.\nSi cet anniversaire a \u00e9t\u00e9 inaugur\u00e9 par une nouvelle image d&rsquo;entreprise, il s&rsquo;accompagne aujourd&rsquo;hui d&rsquo;une nouvelle ligne de produits : sous le nouveau nom de \u00a0\u00bb Revital \u00ab\u00a0, Vellsam propose de nouvelles solutions technologiques de pointe, formul\u00e9es par le d\u00e9partement I-D-i pour augmenter les rendements dans toutes les phases v\u00e9g\u00e9tatives des cultures. <\/p>\n\n<p>L&rsquo;un de ces nouveaux produits de la gamme \u00ab\u00a0Revital\u00a0\u00bb est Vellca Vital, une solution technique de calcium \u00e0 haute teneur en silicium sous forme d&rsquo;acide orthosilicique qui r\u00e9gule l&rsquo;absorption et le transport des nutriments essentiels tels que le calcium, le phosphore, le potassium et le magn\u00e9sium dans les plantes.\nSon action renforce les cellules v\u00e9g\u00e9tales, en augmentant leur rigidit\u00e9 et leur r\u00e9sistance, tout en r\u00e9duisant les pertes par \u00e9vapotranspiration, ce qui permet de maintenir l&rsquo;\u00e9quilibre hydrique dans des conditions de transpiration \u00e9lev\u00e9e.\nIl est recommand\u00e9 pendant les p\u00e9riodes de croissance et de d\u00e9veloppement, en renfor\u00e7ant les tissus et en participant \u00e0 la formation des membranes cellulaires.  <\/p>\n\n<p>Radivell Vital est un puissant agent d&rsquo;enracinement con\u00e7u avec un m\u00e9lange optimal d&rsquo;acides amin\u00e9s enrichis, tels que l&rsquo;acide glutamique et le tryptophane, qui am\u00e9liorent l&rsquo;absorption des nutriments et de l&rsquo;eau, favorisant ainsi un enracinement plus efficace.\nCe produit stimule naturellement la synth\u00e8se de l&rsquo;auxine (AIA), ce qui le rend particuli\u00e8rement utile pendant les p\u00e9riodes de perte de racines.\nIl stimule la croissance des racines, neutralise les effets phytotoxiques des m\u00e9taux lourds, pr\u00e9vient l&rsquo;apparition de carences nutritionnelles, favorise la croissance des bact\u00e9ries fixatrices d&rsquo;azote, am\u00e9liore la r\u00e9sistance des racines aux basses temp\u00e9ratures et aide la plante \u00e0 surmonter les stress nutritionnels, hydriques, phytopathologiques et thermiques.  <\/p>\n\n<p>D&rsquo;autre part, Maxivell Vital est un engrais \u00e0 base d&rsquo;acides amin\u00e9s obtenus par fermentation enzymatique de levures qui agit en favorisant la nouaison et l&rsquo;engraissement des fruits et leurs rendements, ainsi qu&rsquo;en favorisant une floraison homog\u00e8ne, gr\u00e2ce \u00e0 sa teneur \u00e9lev\u00e9e en acides amin\u00e9s biologiquement actifs, en potassium et en phosphore.\nIl s&rsquo;agit d&rsquo;un produit tr\u00e8s efficace dans l&rsquo;induction du processus de nouaison qui ne contient pas d&rsquo;hormones dans sa composition et qui augmente le nombre de fruits par plante gr\u00e2ce \u00e0 l&rsquo;am\u00e9lioration g\u00e9n\u00e9rale du processus de nouaison. <\/p>\n\n<p>Brixtoner Vital est un engrais \u00e0 base d&rsquo;acides amin\u00e9s qui augmente le taux de sucre (\u00ba Brix) dans les fruits, am\u00e9liorant ainsi leur production et leur qualit\u00e9.\nIl est id\u00e9al pour une application pendant la maturation des fruits, en aidant les plantes \u00e0 transformer l&rsquo;amidon et les fructanes en sucres tels que le saccharose, par le biais du processus de photosynth\u00e8se.\nIl contient des oligosaccharides qui sont transport\u00e9s des feuilles aux fruits pendant leur d\u00e9veloppement et leur maturation.\nLes acides amin\u00e9s sont essentiels \u00e0 la coloration et \u00e0 la maturation des fruits, augmentant la couleur et les solides solubles dans les raisins de table, les agrumes, les baies, les pommiers et les l\u00e9gumes.   <\/p>\n\n<p>Enfin, Auxvell Vital est un produit qui associe du L-tryptophane concentr\u00e9 et de la glycine b\u00e9ta\u00efne (7%) d&rsquo;origine naturelle.\nIl favorise la synth\u00e8se de l&rsquo;auxine (AIA) de mani\u00e8re naturelle, am\u00e9liorant l&rsquo;enracinement et l&rsquo;engraissement des fruits.  Il r\u00e9duit \u00e9galement le besoin d&rsquo;hormones exog\u00e8nes. Sa teneur en glycine-b\u00e9ta\u00efne assure une translocation correcte dans les cultures soumises \u00e0 un stress abiotique.\nElle r\u00e9duit \u00e9galement l&rsquo;incidence des physiopathologies li\u00e9es au stress, telles que l&rsquo;avortement des fruits, la mauvaise qualit\u00e9 des fleurs, la fissuration et les malformations des fruits et d&rsquo;autres structures v\u00e9g\u00e9tales.   <\/p>\n\n<p>Toutes ces nouvelles solutions de Vellsam Materias Bioactivas ont d\u00e9j\u00e0 \u00e9t\u00e9 test\u00e9es sur diff\u00e9rents types de cultures.\nAinsi, avec Auxvell Vital, des augmentations de poids, de taille et de calibre ont \u00e9t\u00e9 obtenues dans diff\u00e9rentes cultures de past\u00e8ques et de melons sous serre ; avec Auxvell Vital et Maxivell Vital, une meilleure production, une meilleure qualit\u00e9 de la r\u00e9colte et un meilleur rendement ont \u00e9t\u00e9 obtenus sur 30 000 m\u00e8tres carr\u00e9s de cultures de tomates Galden, avec une plus grande floraison et une meilleure nouaison ; avec Brixtoner Vital, une plus grande floraison et une meilleure nouaison.Avec Brixtoner Vital, le Brix \u00ba a \u00e9t\u00e9 augment\u00e9 de 20% et la fermet\u00e9 et le poids des fruits ont \u00e9t\u00e9 am\u00e9lior\u00e9s dans les tomates Angelle ; avec Radivell Vital, la longueur des racines, la biomasse v\u00e9g\u00e9tative et l&rsquo;absorption des nutriments ont \u00e9t\u00e9 accrues dans les cultures de courgettes. <\/p>\n\n<p>N\u00e9e en 1999 de l&rsquo;esprit d&rsquo;entreprise et de la passion pour les affaires de ses fondateurs, Mar\u00eda Zamora et Francisco Castillo, conscients des besoins de l&rsquo;agriculture de la fin du XXe si\u00e8cle pour am\u00e9liorer les ratios de productivit\u00e9 et la rentabilit\u00e9 de l&rsquo;agriculteur d&rsquo;origine, Vellsam Materias Bioactivas conseille depuis 25 ans les agriculteurs du monde entier en leur proposant des solutions biotechnologiques sur mesure pour am\u00e9liorer le rendement de leurs cultures.<\/p>\n\n<p>Avec l&rsquo;objectif ferme de porter son mod\u00e8le d&rsquo;agriculture durable dans le monde entier, l&rsquo;objectif principal de l&rsquo;entreprise a toujours \u00e9t\u00e9 la recherche et le d\u00e9veloppement de formulations nutritionnelles innovantes qui respectent les cultures et les aliments qui composent notre menu quotidien, faisant de Vellsam une r\u00e9f\u00e9rence dans la recherche, la conception et la production de solutions biotechnologiques personnalis\u00e9es et apportant une contribution significative au d\u00e9veloppement de mod\u00e8les agricoles dans le monde entier, \u00e9tant pr\u00e9sente dans une quarantaine de pays.<\/p>\n","protected":false},"excerpt":{"rendered":"<p>Nouvelles solutions technologiques de pointe formul\u00e9es par le d\u00e9partement R&amp;D&amp;I pour augmenter les rendements \u00e0 tous les stades v\u00e9g\u00e9tatifs des cultures. Vellsam Materias Bioactivas f\u00eate ses 25 ans en cette ann\u00e9e 2024 et a men\u00e9 plusieurs actions au cours des derniers mois pour comm\u00e9morer ce quart de si\u00e8cle pass\u00e9 \u00e0 contribuer \u00e0 l&rsquo;am\u00e9lioration des cultures [&hellip;]<\/p>\n","protected":false},"author":3,"featured_media":16067,"comment_status":"closed","ping_status":"open","sticky":false,"template":"","format":"standard","meta":{"_acf_changed":false,"om_disable_all_campaigns":false,"_monsterinsights_skip_tracking":false,"_monsterinsights_sitenote_active":false,"_monsterinsights_sitenote_note":"","_monsterinsights_sitenote_category":0,"_uf_show_specific_survey":0,"_uf_disable_surveys":false,"footnotes":""},"categories":[64],"tags":[],"class_list":["post-16074","post","type-post","status-publish","format-standard","has-post-thumbnail","hentry","category-non-classifiee"],"acf":[],"yoast_head":"<!-- This site is optimized with the Yoast SEO plugin v27.5 - https:\/\/yoast.com\/product\/yoast-seo-wordpress\/ -->\n<title>Vellsam pr\u00e9sente sa nouvelle ligne &#039;Revital&#039; \u00e0 l&#039;occasion de son 25\u00e8me anniversaire - Vellsam<\/title>\n<meta name=\"robots\" content=\"index, follow, max-snippet:-1, max-image-preview:large, max-video-preview:-1\" \/>\n<link rel=\"canonical\" href=\"https:\/\/www.vellsam.com\/vellsam-presenta-su-nueva-linea-revital-con-motivo-de-su-25o-aniversario\/\" \/>\n<meta property=\"og:locale\" content=\"fr_FR\" \/>\n<meta property=\"og:type\" content=\"article\" \/>\n<meta property=\"og:title\" content=\"Vellsam pr\u00e9sente sa nouvelle ligne &#039;Revital&#039; \u00e0 l&#039;occasion de son 25\u00e8me anniversaire - Vellsam\" \/>\n<meta property=\"og:description\" content=\"Nouvelles solutions technologiques de pointe formul\u00e9es par le d\u00e9partement R&amp;D&amp;I pour augmenter les rendements \u00e0 tous les stades v\u00e9g\u00e9tatifs des cultures. Vellsam Materias Bioactivas f\u00eate ses 25 ans en cette ann\u00e9e 2024 et a men\u00e9 plusieurs actions au cours des derniers mois pour comm\u00e9morer ce quart de si\u00e8cle pass\u00e9 \u00e0 contribuer \u00e0 l&rsquo;am\u00e9lioration des cultures [&hellip;]\" \/>\n<meta property=\"og:url\" content=\"https:\/\/www.vellsam.com\/vellsam-presenta-su-nueva-linea-revital-con-motivo-de-su-25o-aniversario\/\" \/>\n<meta property=\"og:site_name\" content=\"Vellsam\" \/>\n<meta property=\"article:publisher\" content=\"https:\/\/www.facebook.com\/vellsam.mb\" \/>\n<meta property=\"article:published_time\" content=\"2024-07-26T12:36:48+00:00\" \/>\n<meta property=\"article:modified_time\" content=\"2024-07-26T12:47:29+00:00\" \/>\n<meta property=\"og:image\" content=\"https:\/\/www.vellsam.com\/wp-content\/uploads\/2024\/07\/Nueva-linea-Revital.jpg\" \/>\n\t<meta property=\"og:image:width\" content=\"1600\" \/>\n\t<meta property=\"og:image:height\" content=\"1534\" \/>\n\t<meta property=\"og:image:type\" content=\"image\/jpeg\" \/>\n<meta name=\"author\" content=\"adurillo\" \/>\n<meta name=\"twitter:card\" content=\"summary_large_image\" \/>\n<meta name=\"twitter:creator\" content=\"@Vellsam_MB\" \/>\n<meta name=\"twitter:site\" content=\"@Vellsam_MB\" \/>\n<meta name=\"twitter:label1\" content=\"\u00c9crit par\" \/>\n\t<meta name=\"twitter:data1\" content=\"adurillo\" \/>\n\t<meta name=\"twitter:label2\" content=\"Dur\u00e9e de lecture estim\u00e9e\" \/>\n\t<meta name=\"twitter:data2\" content=\"5 minutes\" \/>\n<script type=\"application\/ld+json\" class=\"yoast-schema-graph\">{\"@context\":\"https:\\\/\\\/schema.org\",\"@graph\":[{\"@type\":\"Article\",\"@id\":\"https:\\\/\\\/www.vellsam.com\\\/vellsam-presenta-su-nueva-linea-revital-con-motivo-de-su-25o-aniversario\\\/#article\",\"isPartOf\":{\"@id\":\"https:\\\/\\\/www.vellsam.com\\\/vellsam-presenta-su-nueva-linea-revital-con-motivo-de-su-25o-aniversario\\\/\"},\"author\":{\"name\":\"adurillo\",\"@id\":\"https:\\\/\\\/www.vellsam.com\\\/#\\\/schema\\\/person\\\/02f793577a22b6f8c941797879c78ab1\"},\"headline\":\"Vellsam pr\u00e9sente sa nouvelle ligne &lsquo;Revital&rsquo; \u00e0 l&rsquo;occasion de son 25\u00e8me anniversaire\",\"datePublished\":\"2024-07-26T12:36:48+00:00\",\"dateModified\":\"2024-07-26T12:47:29+00:00\",\"mainEntityOfPage\":{\"@id\":\"https:\\\/\\\/www.vellsam.com\\\/vellsam-presenta-su-nueva-linea-revital-con-motivo-de-su-25o-aniversario\\\/\"},\"wordCount\":990,\"publisher\":{\"@id\":\"https:\\\/\\\/www.vellsam.com\\\/#organization\"},\"image\":{\"@id\":\"https:\\\/\\\/www.vellsam.com\\\/vellsam-presenta-su-nueva-linea-revital-con-motivo-de-su-25o-aniversario\\\/#primaryimage\"},\"thumbnailUrl\":\"https:\\\/\\\/www.vellsam.com\\\/wp-content\\\/uploads\\\/2024\\\/07\\\/Nueva-linea-Revital.jpg\",\"articleSection\":[\"Non classifi\u00e9(e)\"],\"inLanguage\":\"fr-FR\"},{\"@type\":\"WebPage\",\"@id\":\"https:\\\/\\\/www.vellsam.com\\\/vellsam-presenta-su-nueva-linea-revital-con-motivo-de-su-25o-aniversario\\\/\",\"url\":\"https:\\\/\\\/www.vellsam.com\\\/vellsam-presenta-su-nueva-linea-revital-con-motivo-de-su-25o-aniversario\\\/\",\"name\":\"Vellsam pr\u00e9sente sa nouvelle ligne 'Revital' \u00e0 l'occasion de son 25\u00e8me anniversaire - Vellsam\",\"isPartOf\":{\"@id\":\"https:\\\/\\\/www.vellsam.com\\\/#website\"},\"primaryImageOfPage\":{\"@id\":\"https:\\\/\\\/www.vellsam.com\\\/vellsam-presenta-su-nueva-linea-revital-con-motivo-de-su-25o-aniversario\\\/#primaryimage\"},\"image\":{\"@id\":\"https:\\\/\\\/www.vellsam.com\\\/vellsam-presenta-su-nueva-linea-revital-con-motivo-de-su-25o-aniversario\\\/#primaryimage\"},\"thumbnailUrl\":\"https:\\\/\\\/www.vellsam.com\\\/wp-content\\\/uploads\\\/2024\\\/07\\\/Nueva-linea-Revital.jpg\",\"datePublished\":\"2024-07-26T12:36:48+00:00\",\"dateModified\":\"2024-07-26T12:47:29+00:00\",\"breadcrumb\":{\"@id\":\"https:\\\/\\\/www.vellsam.com\\\/vellsam-presenta-su-nueva-linea-revital-con-motivo-de-su-25o-aniversario\\\/#breadcrumb\"},\"inLanguage\":\"fr-FR\",\"potentialAction\":[{\"@type\":\"ReadAction\",\"target\":[\"https:\\\/\\\/www.vellsam.com\\\/vellsam-presenta-su-nueva-linea-revital-con-motivo-de-su-25o-aniversario\\\/\"]}]},{\"@type\":\"ImageObject\",\"inLanguage\":\"fr-FR\",\"@id\":\"https:\\\/\\\/www.vellsam.com\\\/vellsam-presenta-su-nueva-linea-revital-con-motivo-de-su-25o-aniversario\\\/#primaryimage\",\"url\":\"https:\\\/\\\/www.vellsam.com\\\/wp-content\\\/uploads\\\/2024\\\/07\\\/Nueva-linea-Revital.jpg\",\"contentUrl\":\"https:\\\/\\\/www.vellsam.com\\\/wp-content\\\/uploads\\\/2024\\\/07\\\/Nueva-linea-Revital.jpg\",\"width\":1600,\"height\":1534},{\"@type\":\"BreadcrumbList\",\"@id\":\"https:\\\/\\\/www.vellsam.com\\\/vellsam-presenta-su-nueva-linea-revital-con-motivo-de-su-25o-aniversario\\\/#breadcrumb\",\"itemListElement\":[{\"@type\":\"ListItem\",\"position\":1,\"name\":\"Portada\",\"item\":\"https:\\\/\\\/www.vellsam.com\\\/fr\\\/\"},{\"@type\":\"ListItem\",\"position\":2,\"name\":\"Vellsam pr\u00e9sente sa nouvelle ligne &#8216;Revital&#8217; \u00e0 l&#8217;occasion de son 25\u00e8me anniversaire\"}]},{\"@type\":\"WebSite\",\"@id\":\"https:\\\/\\\/www.vellsam.com\\\/#website\",\"url\":\"https:\\\/\\\/www.vellsam.com\\\/\",\"name\":\"Vellsam\",\"description\":\"Soluciones biotecnol\u00f3gicas para el desarrollo agr\u00edcola\",\"publisher\":{\"@id\":\"https:\\\/\\\/www.vellsam.com\\\/#organization\"},\"potentialAction\":[{\"@type\":\"SearchAction\",\"target\":{\"@type\":\"EntryPoint\",\"urlTemplate\":\"https:\\\/\\\/www.vellsam.com\\\/?s={search_term_string}\"},\"query-input\":{\"@type\":\"PropertyValueSpecification\",\"valueRequired\":true,\"valueName\":\"search_term_string\"}}],\"inLanguage\":\"fr-FR\"},{\"@type\":\"Organization\",\"@id\":\"https:\\\/\\\/www.vellsam.com\\\/#organization\",\"name\":\"Vellsam\",\"url\":\"https:\\\/\\\/www.vellsam.com\\\/\",\"logo\":{\"@type\":\"ImageObject\",\"inLanguage\":\"fr-FR\",\"@id\":\"https:\\\/\\\/www.vellsam.com\\\/#\\\/schema\\\/logo\\\/image\\\/\",\"url\":\"https:\\\/\\\/www.vellsam.com\\\/wp-content\\\/uploads\\\/2023\\\/01\\\/vellsam-logo.png\",\"contentUrl\":\"https:\\\/\\\/www.vellsam.com\\\/wp-content\\\/uploads\\\/2023\\\/01\\\/vellsam-logo.png\",\"width\":340,\"height\":59,\"caption\":\"Vellsam\"},\"image\":{\"@id\":\"https:\\\/\\\/www.vellsam.com\\\/#\\\/schema\\\/logo\\\/image\\\/\"},\"sameAs\":[\"https:\\\/\\\/www.facebook.com\\\/vellsam.mb\",\"https:\\\/\\\/x.com\\\/Vellsam_MB\",\"https:\\\/\\\/www.linkedin.com\\\/company\\\/11061739\\\/\"]},{\"@type\":\"Person\",\"@id\":\"https:\\\/\\\/www.vellsam.com\\\/#\\\/schema\\\/person\\\/02f793577a22b6f8c941797879c78ab1\",\"name\":\"adurillo\",\"image\":{\"@type\":\"ImageObject\",\"inLanguage\":\"fr-FR\",\"@id\":\"https:\\\/\\\/secure.gravatar.com\\\/avatar\\\/304cb7575f27e28fdb8ad49b7cb007c335740114da3f0ba78bfec3865b8caaa7?s=96&d=mm&r=g\",\"url\":\"https:\\\/\\\/secure.gravatar.com\\\/avatar\\\/304cb7575f27e28fdb8ad49b7cb007c335740114da3f0ba78bfec3865b8caaa7?s=96&d=mm&r=g\",\"contentUrl\":\"https:\\\/\\\/secure.gravatar.com\\\/avatar\\\/304cb7575f27e28fdb8ad49b7cb007c335740114da3f0ba78bfec3865b8caaa7?s=96&d=mm&r=g\",\"caption\":\"adurillo\"},\"url\":\"https:\\\/\\\/www.vellsam.com\\\/fr\\\/author\\\/adurillo\\\/\"}]}<\/script>\n<!-- \/ Yoast SEO plugin. -->","yoast_head_json":{"title":"Vellsam pr\u00e9sente sa nouvelle ligne 'Revital' \u00e0 l'occasion de son 25\u00e8me anniversaire - Vellsam","robots":{"index":"index","follow":"follow","max-snippet":"max-snippet:-1","max-image-preview":"max-image-preview:large","max-video-preview":"max-video-preview:-1"},"canonical":"https:\/\/www.vellsam.com\/vellsam-presenta-su-nueva-linea-revital-con-motivo-de-su-25o-aniversario\/","og_locale":"fr_FR","og_type":"article","og_title":"Vellsam pr\u00e9sente sa nouvelle ligne 'Revital' \u00e0 l'occasion de son 25\u00e8me anniversaire - Vellsam","og_description":"Nouvelles solutions technologiques de pointe formul\u00e9es par le d\u00e9partement R&amp;D&amp;I pour augmenter les rendements \u00e0 tous les stades v\u00e9g\u00e9tatifs des cultures. Vellsam Materias Bioactivas f\u00eate ses 25 ans en cette ann\u00e9e 2024 et a men\u00e9 plusieurs actions au cours des derniers mois pour comm\u00e9morer ce quart de si\u00e8cle pass\u00e9 \u00e0 contribuer \u00e0 l&rsquo;am\u00e9lioration des cultures [&hellip;]","og_url":"https:\/\/www.vellsam.com\/vellsam-presenta-su-nueva-linea-revital-con-motivo-de-su-25o-aniversario\/","og_site_name":"Vellsam","article_publisher":"https:\/\/www.facebook.com\/vellsam.mb","article_published_time":"2024-07-26T12:36:48+00:00","article_modified_time":"2024-07-26T12:47:29+00:00","og_image":[{"width":1600,"height":1534,"url":"https:\/\/www.vellsam.com\/wp-content\/uploads\/2024\/07\/Nueva-linea-Revital.jpg","type":"image\/jpeg"}],"author":"adurillo","twitter_card":"summary_large_image","twitter_creator":"@Vellsam_MB","twitter_site":"@Vellsam_MB","twitter_misc":{"\u00c9crit par":"adurillo","Dur\u00e9e de lecture estim\u00e9e":"5 minutes"},"schema":{"@context":"https:\/\/schema.org","@graph":[{"@type":"Article","@id":"https:\/\/www.vellsam.com\/vellsam-presenta-su-nueva-linea-revital-con-motivo-de-su-25o-aniversario\/#article","isPartOf":{"@id":"https:\/\/www.vellsam.com\/vellsam-presenta-su-nueva-linea-revital-con-motivo-de-su-25o-aniversario\/"},"author":{"name":"adurillo","@id":"https:\/\/www.vellsam.com\/#\/schema\/person\/02f793577a22b6f8c941797879c78ab1"},"headline":"Vellsam pr\u00e9sente sa nouvelle ligne &lsquo;Revital&rsquo; \u00e0 l&rsquo;occasion de son 25\u00e8me anniversaire","datePublished":"2024-07-26T12:36:48+00:00","dateModified":"2024-07-26T12:47:29+00:00","mainEntityOfPage":{"@id":"https:\/\/www.vellsam.com\/vellsam-presenta-su-nueva-linea-revital-con-motivo-de-su-25o-aniversario\/"},"wordCount":990,"publisher":{"@id":"https:\/\/www.vellsam.com\/#organization"},"image":{"@id":"https:\/\/www.vellsam.com\/vellsam-presenta-su-nueva-linea-revital-con-motivo-de-su-25o-aniversario\/#primaryimage"},"thumbnailUrl":"https:\/\/www.vellsam.com\/wp-content\/uploads\/2024\/07\/Nueva-linea-Revital.jpg","articleSection":["Non classifi\u00e9(e)"],"inLanguage":"fr-FR"},{"@type":"WebPage","@id":"https:\/\/www.vellsam.com\/vellsam-presenta-su-nueva-linea-revital-con-motivo-de-su-25o-aniversario\/","url":"https:\/\/www.vellsam.com\/vellsam-presenta-su-nueva-linea-revital-con-motivo-de-su-25o-aniversario\/","name":"Vellsam pr\u00e9sente sa nouvelle ligne 'Revital' \u00e0 l'occasion de son 25\u00e8me anniversaire - Vellsam","isPartOf":{"@id":"https:\/\/www.vellsam.com\/#website"},"primaryImageOfPage":{"@id":"https:\/\/www.vellsam.com\/vellsam-presenta-su-nueva-linea-revital-con-motivo-de-su-25o-aniversario\/#primaryimage"},"image":{"@id":"https:\/\/www.vellsam.com\/vellsam-presenta-su-nueva-linea-revital-con-motivo-de-su-25o-aniversario\/#primaryimage"},"thumbnailUrl":"https:\/\/www.vellsam.com\/wp-content\/uploads\/2024\/07\/Nueva-linea-Revital.jpg","datePublished":"2024-07-26T12:36:48+00:00","dateModified":"2024-07-26T12:47:29+00:00","breadcrumb":{"@id":"https:\/\/www.vellsam.com\/vellsam-presenta-su-nueva-linea-revital-con-motivo-de-su-25o-aniversario\/#breadcrumb"},"inLanguage":"fr-FR","potentialAction":[{"@type":"ReadAction","target":["https:\/\/www.vellsam.com\/vellsam-presenta-su-nueva-linea-revital-con-motivo-de-su-25o-aniversario\/"]}]},{"@type":"ImageObject","inLanguage":"fr-FR","@id":"https:\/\/www.vellsam.com\/vellsam-presenta-su-nueva-linea-revital-con-motivo-de-su-25o-aniversario\/#primaryimage","url":"https:\/\/www.vellsam.com\/wp-content\/uploads\/2024\/07\/Nueva-linea-Revital.jpg","contentUrl":"https:\/\/www.vellsam.com\/wp-content\/uploads\/2024\/07\/Nueva-linea-Revital.jpg","width":1600,"height":1534},{"@type":"BreadcrumbList","@id":"https:\/\/www.vellsam.com\/vellsam-presenta-su-nueva-linea-revital-con-motivo-de-su-25o-aniversario\/#breadcrumb","itemListElement":[{"@type":"ListItem","position":1,"name":"Portada","item":"https:\/\/www.vellsam.com\/fr\/"},{"@type":"ListItem","position":2,"name":"Vellsam pr\u00e9sente sa nouvelle ligne &#8216;Revital&#8217; \u00e0 l&#8217;occasion de son 25\u00e8me anniversaire"}]},{"@type":"WebSite","@id":"https:\/\/www.vellsam.com\/#website","url":"https:\/\/www.vellsam.com\/","name":"Vellsam","description":"Soluciones biotecnol\u00f3gicas para el desarrollo agr\u00edcola","publisher":{"@id":"https:\/\/www.vellsam.com\/#organization"},"potentialAction":[{"@type":"SearchAction","target":{"@type":"EntryPoint","urlTemplate":"https:\/\/www.vellsam.com\/?s={search_term_string}"},"query-input":{"@type":"PropertyValueSpecification","valueRequired":true,"valueName":"search_term_string"}}],"inLanguage":"fr-FR"},{"@type":"Organization","@id":"https:\/\/www.vellsam.com\/#organization","name":"Vellsam","url":"https:\/\/www.vellsam.com\/","logo":{"@type":"ImageObject","inLanguage":"fr-FR","@id":"https:\/\/www.vellsam.com\/#\/schema\/logo\/image\/","url":"https:\/\/www.vellsam.com\/wp-content\/uploads\/2023\/01\/vellsam-logo.png","contentUrl":"https:\/\/www.vellsam.com\/wp-content\/uploads\/2023\/01\/vellsam-logo.png","width":340,"height":59,"caption":"Vellsam"},"image":{"@id":"https:\/\/www.vellsam.com\/#\/schema\/logo\/image\/"},"sameAs":["https:\/\/www.facebook.com\/vellsam.mb","https:\/\/x.com\/Vellsam_MB","https:\/\/www.linkedin.com\/company\/11061739\/"]},{"@type":"Person","@id":"https:\/\/www.vellsam.com\/#\/schema\/person\/02f793577a22b6f8c941797879c78ab1","name":"adurillo","image":{"@type":"ImageObject","inLanguage":"fr-FR","@id":"https:\/\/secure.gravatar.com\/avatar\/304cb7575f27e28fdb8ad49b7cb007c335740114da3f0ba78bfec3865b8caaa7?s=96&d=mm&r=g","url":"https:\/\/secure.gravatar.com\/avatar\/304cb7575f27e28fdb8ad49b7cb007c335740114da3f0ba78bfec3865b8caaa7?s=96&d=mm&r=g","contentUrl":"https:\/\/secure.gravatar.com\/avatar\/304cb7575f27e28fdb8ad49b7cb007c335740114da3f0ba78bfec3865b8caaa7?s=96&d=mm&r=g","caption":"adurillo"},"url":"https:\/\/www.vellsam.com\/fr\/author\/adurillo\/"}]}},"_links":{"self":[{"href":"https:\/\/www.vellsam.com\/fr\/wp-json\/wp\/v2\/posts\/16074","targetHints":{"allow":["GET"]}}],"collection":[{"href":"https:\/\/www.vellsam.com\/fr\/wp-json\/wp\/v2\/posts"}],"about":[{"href":"https:\/\/www.vellsam.com\/fr\/wp-json\/wp\/v2\/types\/post"}],"author":[{"embeddable":true,"href":"https:\/\/www.vellsam.com\/fr\/wp-json\/wp\/v2\/users\/3"}],"replies":[{"embeddable":true,"href":"https:\/\/www.vellsam.com\/fr\/wp-json\/wp\/v2\/comments?post=16074"}],"version-history":[{"count":1,"href":"https:\/\/www.vellsam.com\/fr\/wp-json\/wp\/v2\/posts\/16074\/revisions"}],"predecessor-version":[{"id":16075,"href":"https:\/\/www.vellsam.com\/fr\/wp-json\/wp\/v2\/posts\/16074\/revisions\/16075"}],"wp:featuredmedia":[{"embeddable":true,"href":"https:\/\/www.vellsam.com\/fr\/wp-json\/wp\/v2\/media\/16067"}],"wp:attachment":[{"href":"https:\/\/www.vellsam.com\/fr\/wp-json\/wp\/v2\/media?parent=16074"}],"wp:term":[{"taxonomy":"category","embeddable":true,"href":"https:\/\/www.vellsam.com\/fr\/wp-json\/wp\/v2\/categories?post=16074"},{"taxonomy":"post_tag","embeddable":true,"href":"https:\/\/www.vellsam.com\/fr\/wp-json\/wp\/v2\/tags?post=16074"}],"curies":[{"name":"wp","href":"https:\/\/api.w.org\/{rel}","templated":true}]}}