{"id":15977,"date":"2023-11-15T15:42:00","date_gmt":"2023-11-15T14:42:00","guid":{"rendered":"https:\/\/www.vellsam.com\/vellsam-lance-un-nouvel-appel-a-candidatures-pour-le-prix-bartolome-zamora-zamora-qui-recompense-les-meilleurs-dossiers-universitaires-et-de-formation-professionnelle-superieure-a-carboneras-al\/"},"modified":"2024-05-23T15:45:57","modified_gmt":"2024-05-23T14:45:57","slug":"vellsam-lance-un-nouvel-appel-a-candidatures-pour-le-prix-bartolome-zamora-zamora-qui-recompense-les-meilleurs-dossiers-universitaires-et-de-formation-professionnelle-superieure-a-carboneras-al","status":"publish","type":"post","link":"https:\/\/www.vellsam.com\/fr\/vellsam-lance-un-nouvel-appel-a-candidatures-pour-le-prix-bartolome-zamora-zamora-qui-recompense-les-meilleurs-dossiers-universitaires-et-de-formation-professionnelle-superieure-a-carboneras-al\/","title":{"rendered":"Vellsam lance un nouvel appel \u00e0 candidatures pour le \u00a0\u00bb Prix Bartolom\u00e9 Zamora Zamora \u00a0\u00bb qui r\u00e9compense les meilleurs dossiers universitaires et de formation professionnelle sup\u00e9rieure \u00e0 Carboneras (Almer\u00eda)."},"content":{"rendered":"\n<p>La date limite de d\u00e9p\u00f4t des candidatures est fix\u00e9e au 30 novembre.<\/p>\n\n<p>Vellsam Materias Bioactivas a lanc\u00e9 en novembre le deuxi\u00e8me appel \u00e0 candidatures pour le Prix du m\u00e9rite acad\u00e9mique \u00a0\u00bb Bartolom\u00e9 Zamora Zamora \u00ab\u00a0, destin\u00e9 aux \u00e9tudiants n\u00e9s et\/ou r\u00e9sidant dans la municipalit\u00e9 de Carboneras (Almeria) qui ont obtenu la meilleure moyenne dans la formation professionnelle sup\u00e9rieure ou le dipl\u00f4me universitaire, achev\u00e9 au cours de l&rsquo;ann\u00e9e acad\u00e9mique 2022\/2023.<\/p>\n\n<p>Le laur\u00e9at de l&rsquo;\u00e9tape Dipl\u00f4me Universitaire recevra un prix de 2 000 euros, tandis que le meilleur \u00e9tudiant de l&rsquo;\u00e9tape Cycle Sup\u00e9rieur de Formation Professionnelle recevra un prix de 1 000 euros. Le crit\u00e8re \u00e0 suivre pour l&rsquo;\u00e9valuation des dossiers sera la note moyenne obtenue par l&rsquo;\u00e9tudiant, tandis qu&rsquo;en cas d&rsquo;\u00e9galit\u00e9 de la note moyenne gagnante, les crit\u00e8res suivants seront pris en compte comme crit\u00e8res de d\u00e9partage, dans cet ordre : le nombre de mentions, le nombre de notes \u00ab\u00a0A\u00a0\u00bb et le nombre d&rsquo;examens r\u00e9ussis.<\/p>\n\n<p>La date limite de d\u00e9p\u00f4t des candidatures est fix\u00e9e au 30 novembre. Les \u00e9tudiants n\u00e9s et\/ou inscrits \u00e0 Carboneras (Almeria) dans l&rsquo;une des deux options de formation pr\u00e9c\u00e9dentes peuvent participer. Ils devront soumettre leur candidature sur la page web <a href=\"http:\/\/www.premiosbartolomezamorazamora.com\/\">www.premiosbartolomezamorazamora.com<\/a>. Le formulaire de demande d\u00fbment rempli doit \u00eatre accompagn\u00e9 d&rsquo;une copie d&rsquo;une pi\u00e8ce d&rsquo;identit\u00e9 en cours de validit\u00e9, d&rsquo;un certificat de scolarit\u00e9 indiquant les notes obtenues dans toutes les mati\u00e8res et la moyenne obtenue, ainsi que, pour les r\u00e9sidents non n\u00e9s dans la localit\u00e9, d&rsquo;un certificat de recensement, qui doit avoir \u00e9t\u00e9 effectu\u00e9 \u00e0 une date ant\u00e9rieure \u00e0 celle de la fin des \u00e9tudes. Le prix sera d\u00e9cern\u00e9 avant le 31 d\u00e9cembre et la c\u00e9r\u00e9monie de remise des prix aura lieu lors d&rsquo;un \u00e9v\u00e9nement public \u00e0 d\u00e9terminer, toujours dans la municipalit\u00e9 de Carboneras.<\/p>\n\n<p>Bartolom\u00e9 Zamora Zamora, p\u00e8re de Mar\u00eda Zamora, PDG de Vellsam Materias Bioactivas, et n\u00e9 dans le district houiller de Cueva del P\u00e1jaro, a \u00e9t\u00e9 un exemple d&rsquo;am\u00e9lioration personnelle et professionnelle constante qui l&rsquo;a conduit \u00e0 obtenir un dipl\u00f4me de m\u00e9decine de l&rsquo;\u00c9cole des mines, un dipl\u00f4me de gestion d&rsquo;entreprise et une longue carri\u00e8re en Espagne et en Am\u00e9rique latine. En outre, il a \u00e9t\u00e9 le seul mineur de charbon \u00e0 si\u00e9ger au Parlement espagnol et a jou\u00e9 un r\u00f4le important dans la transition espagnole, en \u00e9tant l&rsquo;un des signataires de la Constitution espagnole de 1978, ainsi que dans la cr\u00e9ation de la communaut\u00e9 autonome d&rsquo;Andalousie.  <\/p>\n","protected":false},"excerpt":{"rendered":"<p>La date limite de d\u00e9p\u00f4t des candidatures est fix\u00e9e au 30 novembre. Vellsam Materias Bioactivas a lanc\u00e9 en novembre le deuxi\u00e8me appel \u00e0 candidatures pour le Prix du m\u00e9rite acad\u00e9mique \u00a0\u00bb Bartolom\u00e9 Zamora Zamora \u00ab\u00a0, destin\u00e9 aux \u00e9tudiants n\u00e9s et\/ou r\u00e9sidant dans la municipalit\u00e9 de Carboneras (Almeria) qui ont obtenu la meilleure moyenne dans la [&hellip;]<\/p>\n","protected":false},"author":3,"featured_media":15972,"comment_status":"closed","ping_status":"open","sticky":false,"template":"","format":"standard","meta":{"_acf_changed":false,"om_disable_all_campaigns":false,"_monsterinsights_skip_tracking":false,"_monsterinsights_sitenote_active":false,"_monsterinsights_sitenote_note":"","_monsterinsights_sitenote_category":0,"_uf_show_specific_survey":0,"_uf_disable_surveys":false,"footnotes":""},"categories":[64],"tags":[],"class_list":["post-15977","post","type-post","status-publish","format-standard","has-post-thumbnail","hentry","category-non-classifiee"],"acf":[],"yoast_head":"<!-- This site is optimized with the Yoast SEO plugin v27.5 - https:\/\/yoast.com\/product\/yoast-seo-wordpress\/ -->\n<title>Vellsam lance un nouvel appel \u00e0 candidatures pour le &quot; Prix Bartolom\u00e9 Zamora Zamora &quot; qui r\u00e9compense les meilleurs dossiers universitaires et de formation professionnelle sup\u00e9rieure \u00e0 Carboneras (Almer\u00eda). - Vellsam<\/title>\n<meta name=\"robots\" content=\"index, follow, max-snippet:-1, max-image-preview:large, max-video-preview:-1\" \/>\n<link rel=\"canonical\" href=\"https:\/\/www.vellsam.com\/vellsam-lanza-una-nueva-convocatoria-para-el-premio-bartolome-zamora-zamora-a-los-mejores-expedientes-universitarios-y-de-fp-superior-de-carboneras-almeria\/\" \/>\n<meta property=\"og:locale\" content=\"fr_FR\" \/>\n<meta property=\"og:type\" content=\"article\" \/>\n<meta property=\"og:title\" content=\"Vellsam lance un nouvel appel \u00e0 candidatures pour le &quot; Prix Bartolom\u00e9 Zamora Zamora &quot; qui r\u00e9compense les meilleurs dossiers universitaires et de formation professionnelle sup\u00e9rieure \u00e0 Carboneras (Almer\u00eda). - Vellsam\" \/>\n<meta property=\"og:description\" content=\"La date limite de d\u00e9p\u00f4t des candidatures est fix\u00e9e au 30 novembre. Vellsam Materias Bioactivas a lanc\u00e9 en novembre le deuxi\u00e8me appel \u00e0 candidatures pour le Prix du m\u00e9rite acad\u00e9mique \u00a0\u00bb Bartolom\u00e9 Zamora Zamora \u00ab\u00a0, destin\u00e9 aux \u00e9tudiants n\u00e9s et\/ou r\u00e9sidant dans la municipalit\u00e9 de Carboneras (Almeria) qui ont obtenu la meilleure moyenne dans la [&hellip;]\" \/>\n<meta property=\"og:url\" content=\"https:\/\/www.vellsam.com\/vellsam-lanza-una-nueva-convocatoria-para-el-premio-bartolome-zamora-zamora-a-los-mejores-expedientes-universitarios-y-de-fp-superior-de-carboneras-almeria\/\" \/>\n<meta property=\"og:site_name\" content=\"Vellsam\" \/>\n<meta property=\"article:publisher\" content=\"https:\/\/www.facebook.com\/vellsam.mb\" \/>\n<meta property=\"article:published_time\" content=\"2023-11-15T14:42:00+00:00\" \/>\n<meta property=\"article:modified_time\" content=\"2024-05-23T14:45:57+00:00\" \/>\n<meta property=\"og:image\" content=\"https:\/\/www.vellsam.com\/wp-content\/uploads\/2024\/05\/bartolome_zamora_zamora_3.jpg\" \/>\n\t<meta property=\"og:image:width\" content=\"800\" \/>\n\t<meta property=\"og:image:height\" content=\"724\" \/>\n\t<meta property=\"og:image:type\" content=\"image\/jpeg\" \/>\n<meta name=\"author\" content=\"adurillo\" \/>\n<meta name=\"twitter:card\" content=\"summary_large_image\" \/>\n<meta name=\"twitter:creator\" content=\"@Vellsam_MB\" \/>\n<meta name=\"twitter:site\" content=\"@Vellsam_MB\" \/>\n<meta name=\"twitter:label1\" content=\"\u00c9crit par\" \/>\n\t<meta name=\"twitter:data1\" content=\"adurillo\" \/>\n\t<meta name=\"twitter:label2\" content=\"Dur\u00e9e de lecture estim\u00e9e\" \/>\n\t<meta name=\"twitter:data2\" content=\"2 minutes\" \/>\n<script type=\"application\/ld+json\" class=\"yoast-schema-graph\">{\"@context\":\"https:\\\/\\\/schema.org\",\"@graph\":[{\"@type\":\"Article\",\"@id\":\"https:\\\/\\\/www.vellsam.com\\\/vellsam-lanza-una-nueva-convocatoria-para-el-premio-bartolome-zamora-zamora-a-los-mejores-expedientes-universitarios-y-de-fp-superior-de-carboneras-almeria\\\/#article\",\"isPartOf\":{\"@id\":\"https:\\\/\\\/www.vellsam.com\\\/vellsam-lanza-una-nueva-convocatoria-para-el-premio-bartolome-zamora-zamora-a-los-mejores-expedientes-universitarios-y-de-fp-superior-de-carboneras-almeria\\\/\"},\"author\":{\"name\":\"adurillo\",\"@id\":\"https:\\\/\\\/www.vellsam.com\\\/#\\\/schema\\\/person\\\/02f793577a22b6f8c941797879c78ab1\"},\"headline\":\"Vellsam lance un nouvel appel \u00e0 candidatures pour le \u00a0\u00bb Prix Bartolom\u00e9 Zamora Zamora \u00a0\u00bb qui r\u00e9compense les meilleurs dossiers universitaires et de formation professionnelle sup\u00e9rieure \u00e0 Carboneras (Almer\u00eda).\",\"datePublished\":\"2023-11-15T14:42:00+00:00\",\"dateModified\":\"2024-05-23T14:45:57+00:00\",\"mainEntityOfPage\":{\"@id\":\"https:\\\/\\\/www.vellsam.com\\\/vellsam-lanza-una-nueva-convocatoria-para-el-premio-bartolome-zamora-zamora-a-los-mejores-expedientes-universitarios-y-de-fp-superior-de-carboneras-almeria\\\/\"},\"wordCount\":460,\"publisher\":{\"@id\":\"https:\\\/\\\/www.vellsam.com\\\/#organization\"},\"image\":{\"@id\":\"https:\\\/\\\/www.vellsam.com\\\/vellsam-lanza-una-nueva-convocatoria-para-el-premio-bartolome-zamora-zamora-a-los-mejores-expedientes-universitarios-y-de-fp-superior-de-carboneras-almeria\\\/#primaryimage\"},\"thumbnailUrl\":\"https:\\\/\\\/www.vellsam.com\\\/wp-content\\\/uploads\\\/2024\\\/05\\\/bartolome_zamora_zamora_3.jpg\",\"articleSection\":[\"Non classifi\u00e9(e)\"],\"inLanguage\":\"fr-FR\"},{\"@type\":\"WebPage\",\"@id\":\"https:\\\/\\\/www.vellsam.com\\\/vellsam-lanza-una-nueva-convocatoria-para-el-premio-bartolome-zamora-zamora-a-los-mejores-expedientes-universitarios-y-de-fp-superior-de-carboneras-almeria\\\/\",\"url\":\"https:\\\/\\\/www.vellsam.com\\\/vellsam-lanza-una-nueva-convocatoria-para-el-premio-bartolome-zamora-zamora-a-los-mejores-expedientes-universitarios-y-de-fp-superior-de-carboneras-almeria\\\/\",\"name\":\"Vellsam lance un nouvel appel \u00e0 candidatures pour le \\\" Prix Bartolom\u00e9 Zamora Zamora \\\" qui r\u00e9compense les meilleurs dossiers universitaires et de formation professionnelle sup\u00e9rieure \u00e0 Carboneras (Almer\u00eda). - Vellsam\",\"isPartOf\":{\"@id\":\"https:\\\/\\\/www.vellsam.com\\\/#website\"},\"primaryImageOfPage\":{\"@id\":\"https:\\\/\\\/www.vellsam.com\\\/vellsam-lanza-una-nueva-convocatoria-para-el-premio-bartolome-zamora-zamora-a-los-mejores-expedientes-universitarios-y-de-fp-superior-de-carboneras-almeria\\\/#primaryimage\"},\"image\":{\"@id\":\"https:\\\/\\\/www.vellsam.com\\\/vellsam-lanza-una-nueva-convocatoria-para-el-premio-bartolome-zamora-zamora-a-los-mejores-expedientes-universitarios-y-de-fp-superior-de-carboneras-almeria\\\/#primaryimage\"},\"thumbnailUrl\":\"https:\\\/\\\/www.vellsam.com\\\/wp-content\\\/uploads\\\/2024\\\/05\\\/bartolome_zamora_zamora_3.jpg\",\"datePublished\":\"2023-11-15T14:42:00+00:00\",\"dateModified\":\"2024-05-23T14:45:57+00:00\",\"breadcrumb\":{\"@id\":\"https:\\\/\\\/www.vellsam.com\\\/vellsam-lanza-una-nueva-convocatoria-para-el-premio-bartolome-zamora-zamora-a-los-mejores-expedientes-universitarios-y-de-fp-superior-de-carboneras-almeria\\\/#breadcrumb\"},\"inLanguage\":\"fr-FR\",\"potentialAction\":[{\"@type\":\"ReadAction\",\"target\":[\"https:\\\/\\\/www.vellsam.com\\\/vellsam-lanza-una-nueva-convocatoria-para-el-premio-bartolome-zamora-zamora-a-los-mejores-expedientes-universitarios-y-de-fp-superior-de-carboneras-almeria\\\/\"]}]},{\"@type\":\"ImageObject\",\"inLanguage\":\"fr-FR\",\"@id\":\"https:\\\/\\\/www.vellsam.com\\\/vellsam-lanza-una-nueva-convocatoria-para-el-premio-bartolome-zamora-zamora-a-los-mejores-expedientes-universitarios-y-de-fp-superior-de-carboneras-almeria\\\/#primaryimage\",\"url\":\"https:\\\/\\\/www.vellsam.com\\\/wp-content\\\/uploads\\\/2024\\\/05\\\/bartolome_zamora_zamora_3.jpg\",\"contentUrl\":\"https:\\\/\\\/www.vellsam.com\\\/wp-content\\\/uploads\\\/2024\\\/05\\\/bartolome_zamora_zamora_3.jpg\",\"width\":800,\"height\":724},{\"@type\":\"BreadcrumbList\",\"@id\":\"https:\\\/\\\/www.vellsam.com\\\/vellsam-lanza-una-nueva-convocatoria-para-el-premio-bartolome-zamora-zamora-a-los-mejores-expedientes-universitarios-y-de-fp-superior-de-carboneras-almeria\\\/#breadcrumb\",\"itemListElement\":[{\"@type\":\"ListItem\",\"position\":1,\"name\":\"Portada\",\"item\":\"https:\\\/\\\/www.vellsam.com\\\/fr\\\/\"},{\"@type\":\"ListItem\",\"position\":2,\"name\":\"Vellsam lance un nouvel appel \u00e0 candidatures pour le \u00bb Prix Bartolom\u00e9 Zamora Zamora \u00bb qui r\u00e9compense les meilleurs dossiers universitaires et de formation professionnelle sup\u00e9rieure \u00e0 Carboneras (Almer\u00eda).\"}]},{\"@type\":\"WebSite\",\"@id\":\"https:\\\/\\\/www.vellsam.com\\\/#website\",\"url\":\"https:\\\/\\\/www.vellsam.com\\\/\",\"name\":\"Vellsam\",\"description\":\"Soluciones biotecnol\u00f3gicas para el desarrollo agr\u00edcola\",\"publisher\":{\"@id\":\"https:\\\/\\\/www.vellsam.com\\\/#organization\"},\"potentialAction\":[{\"@type\":\"SearchAction\",\"target\":{\"@type\":\"EntryPoint\",\"urlTemplate\":\"https:\\\/\\\/www.vellsam.com\\\/?s={search_term_string}\"},\"query-input\":{\"@type\":\"PropertyValueSpecification\",\"valueRequired\":true,\"valueName\":\"search_term_string\"}}],\"inLanguage\":\"fr-FR\"},{\"@type\":\"Organization\",\"@id\":\"https:\\\/\\\/www.vellsam.com\\\/#organization\",\"name\":\"Vellsam\",\"url\":\"https:\\\/\\\/www.vellsam.com\\\/\",\"logo\":{\"@type\":\"ImageObject\",\"inLanguage\":\"fr-FR\",\"@id\":\"https:\\\/\\\/www.vellsam.com\\\/#\\\/schema\\\/logo\\\/image\\\/\",\"url\":\"https:\\\/\\\/www.vellsam.com\\\/wp-content\\\/uploads\\\/2023\\\/01\\\/vellsam-logo.png\",\"contentUrl\":\"https:\\\/\\\/www.vellsam.com\\\/wp-content\\\/uploads\\\/2023\\\/01\\\/vellsam-logo.png\",\"width\":340,\"height\":59,\"caption\":\"Vellsam\"},\"image\":{\"@id\":\"https:\\\/\\\/www.vellsam.com\\\/#\\\/schema\\\/logo\\\/image\\\/\"},\"sameAs\":[\"https:\\\/\\\/www.facebook.com\\\/vellsam.mb\",\"https:\\\/\\\/x.com\\\/Vellsam_MB\",\"https:\\\/\\\/www.linkedin.com\\\/company\\\/11061739\\\/\"]},{\"@type\":\"Person\",\"@id\":\"https:\\\/\\\/www.vellsam.com\\\/#\\\/schema\\\/person\\\/02f793577a22b6f8c941797879c78ab1\",\"name\":\"adurillo\",\"image\":{\"@type\":\"ImageObject\",\"inLanguage\":\"fr-FR\",\"@id\":\"https:\\\/\\\/secure.gravatar.com\\\/avatar\\\/304cb7575f27e28fdb8ad49b7cb007c335740114da3f0ba78bfec3865b8caaa7?s=96&d=mm&r=g\",\"url\":\"https:\\\/\\\/secure.gravatar.com\\\/avatar\\\/304cb7575f27e28fdb8ad49b7cb007c335740114da3f0ba78bfec3865b8caaa7?s=96&d=mm&r=g\",\"contentUrl\":\"https:\\\/\\\/secure.gravatar.com\\\/avatar\\\/304cb7575f27e28fdb8ad49b7cb007c335740114da3f0ba78bfec3865b8caaa7?s=96&d=mm&r=g\",\"caption\":\"adurillo\"},\"url\":\"https:\\\/\\\/www.vellsam.com\\\/fr\\\/author\\\/adurillo\\\/\"}]}<\/script>\n<!-- \/ Yoast SEO plugin. -->","yoast_head_json":{"title":"Vellsam lance un nouvel appel \u00e0 candidatures pour le \" Prix Bartolom\u00e9 Zamora Zamora \" qui r\u00e9compense les meilleurs dossiers universitaires et de formation professionnelle sup\u00e9rieure \u00e0 Carboneras (Almer\u00eda). - Vellsam","robots":{"index":"index","follow":"follow","max-snippet":"max-snippet:-1","max-image-preview":"max-image-preview:large","max-video-preview":"max-video-preview:-1"},"canonical":"https:\/\/www.vellsam.com\/vellsam-lanza-una-nueva-convocatoria-para-el-premio-bartolome-zamora-zamora-a-los-mejores-expedientes-universitarios-y-de-fp-superior-de-carboneras-almeria\/","og_locale":"fr_FR","og_type":"article","og_title":"Vellsam lance un nouvel appel \u00e0 candidatures pour le \" Prix Bartolom\u00e9 Zamora Zamora \" qui r\u00e9compense les meilleurs dossiers universitaires et de formation professionnelle sup\u00e9rieure \u00e0 Carboneras (Almer\u00eda). - Vellsam","og_description":"La date limite de d\u00e9p\u00f4t des candidatures est fix\u00e9e au 30 novembre. Vellsam Materias Bioactivas a lanc\u00e9 en novembre le deuxi\u00e8me appel \u00e0 candidatures pour le Prix du m\u00e9rite acad\u00e9mique \u00a0\u00bb Bartolom\u00e9 Zamora Zamora \u00ab\u00a0, destin\u00e9 aux \u00e9tudiants n\u00e9s et\/ou r\u00e9sidant dans la municipalit\u00e9 de Carboneras (Almeria) qui ont obtenu la meilleure moyenne dans la [&hellip;]","og_url":"https:\/\/www.vellsam.com\/vellsam-lanza-una-nueva-convocatoria-para-el-premio-bartolome-zamora-zamora-a-los-mejores-expedientes-universitarios-y-de-fp-superior-de-carboneras-almeria\/","og_site_name":"Vellsam","article_publisher":"https:\/\/www.facebook.com\/vellsam.mb","article_published_time":"2023-11-15T14:42:00+00:00","article_modified_time":"2024-05-23T14:45:57+00:00","og_image":[{"width":800,"height":724,"url":"https:\/\/www.vellsam.com\/wp-content\/uploads\/2024\/05\/bartolome_zamora_zamora_3.jpg","type":"image\/jpeg"}],"author":"adurillo","twitter_card":"summary_large_image","twitter_creator":"@Vellsam_MB","twitter_site":"@Vellsam_MB","twitter_misc":{"\u00c9crit par":"adurillo","Dur\u00e9e de lecture estim\u00e9e":"2 minutes"},"schema":{"@context":"https:\/\/schema.org","@graph":[{"@type":"Article","@id":"https:\/\/www.vellsam.com\/vellsam-lanza-una-nueva-convocatoria-para-el-premio-bartolome-zamora-zamora-a-los-mejores-expedientes-universitarios-y-de-fp-superior-de-carboneras-almeria\/#article","isPartOf":{"@id":"https:\/\/www.vellsam.com\/vellsam-lanza-una-nueva-convocatoria-para-el-premio-bartolome-zamora-zamora-a-los-mejores-expedientes-universitarios-y-de-fp-superior-de-carboneras-almeria\/"},"author":{"name":"adurillo","@id":"https:\/\/www.vellsam.com\/#\/schema\/person\/02f793577a22b6f8c941797879c78ab1"},"headline":"Vellsam lance un nouvel appel \u00e0 candidatures pour le \u00a0\u00bb Prix Bartolom\u00e9 Zamora Zamora \u00a0\u00bb qui r\u00e9compense les meilleurs dossiers universitaires et de formation professionnelle sup\u00e9rieure \u00e0 Carboneras (Almer\u00eda).","datePublished":"2023-11-15T14:42:00+00:00","dateModified":"2024-05-23T14:45:57+00:00","mainEntityOfPage":{"@id":"https:\/\/www.vellsam.com\/vellsam-lanza-una-nueva-convocatoria-para-el-premio-bartolome-zamora-zamora-a-los-mejores-expedientes-universitarios-y-de-fp-superior-de-carboneras-almeria\/"},"wordCount":460,"publisher":{"@id":"https:\/\/www.vellsam.com\/#organization"},"image":{"@id":"https:\/\/www.vellsam.com\/vellsam-lanza-una-nueva-convocatoria-para-el-premio-bartolome-zamora-zamora-a-los-mejores-expedientes-universitarios-y-de-fp-superior-de-carboneras-almeria\/#primaryimage"},"thumbnailUrl":"https:\/\/www.vellsam.com\/wp-content\/uploads\/2024\/05\/bartolome_zamora_zamora_3.jpg","articleSection":["Non classifi\u00e9(e)"],"inLanguage":"fr-FR"},{"@type":"WebPage","@id":"https:\/\/www.vellsam.com\/vellsam-lanza-una-nueva-convocatoria-para-el-premio-bartolome-zamora-zamora-a-los-mejores-expedientes-universitarios-y-de-fp-superior-de-carboneras-almeria\/","url":"https:\/\/www.vellsam.com\/vellsam-lanza-una-nueva-convocatoria-para-el-premio-bartolome-zamora-zamora-a-los-mejores-expedientes-universitarios-y-de-fp-superior-de-carboneras-almeria\/","name":"Vellsam lance un nouvel appel \u00e0 candidatures pour le \" Prix Bartolom\u00e9 Zamora Zamora \" qui r\u00e9compense les meilleurs dossiers universitaires et de formation professionnelle sup\u00e9rieure \u00e0 Carboneras (Almer\u00eda). - Vellsam","isPartOf":{"@id":"https:\/\/www.vellsam.com\/#website"},"primaryImageOfPage":{"@id":"https:\/\/www.vellsam.com\/vellsam-lanza-una-nueva-convocatoria-para-el-premio-bartolome-zamora-zamora-a-los-mejores-expedientes-universitarios-y-de-fp-superior-de-carboneras-almeria\/#primaryimage"},"image":{"@id":"https:\/\/www.vellsam.com\/vellsam-lanza-una-nueva-convocatoria-para-el-premio-bartolome-zamora-zamora-a-los-mejores-expedientes-universitarios-y-de-fp-superior-de-carboneras-almeria\/#primaryimage"},"thumbnailUrl":"https:\/\/www.vellsam.com\/wp-content\/uploads\/2024\/05\/bartolome_zamora_zamora_3.jpg","datePublished":"2023-11-15T14:42:00+00:00","dateModified":"2024-05-23T14:45:57+00:00","breadcrumb":{"@id":"https:\/\/www.vellsam.com\/vellsam-lanza-una-nueva-convocatoria-para-el-premio-bartolome-zamora-zamora-a-los-mejores-expedientes-universitarios-y-de-fp-superior-de-carboneras-almeria\/#breadcrumb"},"inLanguage":"fr-FR","potentialAction":[{"@type":"ReadAction","target":["https:\/\/www.vellsam.com\/vellsam-lanza-una-nueva-convocatoria-para-el-premio-bartolome-zamora-zamora-a-los-mejores-expedientes-universitarios-y-de-fp-superior-de-carboneras-almeria\/"]}]},{"@type":"ImageObject","inLanguage":"fr-FR","@id":"https:\/\/www.vellsam.com\/vellsam-lanza-una-nueva-convocatoria-para-el-premio-bartolome-zamora-zamora-a-los-mejores-expedientes-universitarios-y-de-fp-superior-de-carboneras-almeria\/#primaryimage","url":"https:\/\/www.vellsam.com\/wp-content\/uploads\/2024\/05\/bartolome_zamora_zamora_3.jpg","contentUrl":"https:\/\/www.vellsam.com\/wp-content\/uploads\/2024\/05\/bartolome_zamora_zamora_3.jpg","width":800,"height":724},{"@type":"BreadcrumbList","@id":"https:\/\/www.vellsam.com\/vellsam-lanza-una-nueva-convocatoria-para-el-premio-bartolome-zamora-zamora-a-los-mejores-expedientes-universitarios-y-de-fp-superior-de-carboneras-almeria\/#breadcrumb","itemListElement":[{"@type":"ListItem","position":1,"name":"Portada","item":"https:\/\/www.vellsam.com\/fr\/"},{"@type":"ListItem","position":2,"name":"Vellsam lance un nouvel appel \u00e0 candidatures pour le \u00bb Prix Bartolom\u00e9 Zamora Zamora \u00bb qui r\u00e9compense les meilleurs dossiers universitaires et de formation professionnelle sup\u00e9rieure \u00e0 Carboneras (Almer\u00eda)."}]},{"@type":"WebSite","@id":"https:\/\/www.vellsam.com\/#website","url":"https:\/\/www.vellsam.com\/","name":"Vellsam","description":"Soluciones biotecnol\u00f3gicas para el desarrollo agr\u00edcola","publisher":{"@id":"https:\/\/www.vellsam.com\/#organization"},"potentialAction":[{"@type":"SearchAction","target":{"@type":"EntryPoint","urlTemplate":"https:\/\/www.vellsam.com\/?s={search_term_string}"},"query-input":{"@type":"PropertyValueSpecification","valueRequired":true,"valueName":"search_term_string"}}],"inLanguage":"fr-FR"},{"@type":"Organization","@id":"https:\/\/www.vellsam.com\/#organization","name":"Vellsam","url":"https:\/\/www.vellsam.com\/","logo":{"@type":"ImageObject","inLanguage":"fr-FR","@id":"https:\/\/www.vellsam.com\/#\/schema\/logo\/image\/","url":"https:\/\/www.vellsam.com\/wp-content\/uploads\/2023\/01\/vellsam-logo.png","contentUrl":"https:\/\/www.vellsam.com\/wp-content\/uploads\/2023\/01\/vellsam-logo.png","width":340,"height":59,"caption":"Vellsam"},"image":{"@id":"https:\/\/www.vellsam.com\/#\/schema\/logo\/image\/"},"sameAs":["https:\/\/www.facebook.com\/vellsam.mb","https:\/\/x.com\/Vellsam_MB","https:\/\/www.linkedin.com\/company\/11061739\/"]},{"@type":"Person","@id":"https:\/\/www.vellsam.com\/#\/schema\/person\/02f793577a22b6f8c941797879c78ab1","name":"adurillo","image":{"@type":"ImageObject","inLanguage":"fr-FR","@id":"https:\/\/secure.gravatar.com\/avatar\/304cb7575f27e28fdb8ad49b7cb007c335740114da3f0ba78bfec3865b8caaa7?s=96&d=mm&r=g","url":"https:\/\/secure.gravatar.com\/avatar\/304cb7575f27e28fdb8ad49b7cb007c335740114da3f0ba78bfec3865b8caaa7?s=96&d=mm&r=g","contentUrl":"https:\/\/secure.gravatar.com\/avatar\/304cb7575f27e28fdb8ad49b7cb007c335740114da3f0ba78bfec3865b8caaa7?s=96&d=mm&r=g","caption":"adurillo"},"url":"https:\/\/www.vellsam.com\/fr\/author\/adurillo\/"}]}},"_links":{"self":[{"href":"https:\/\/www.vellsam.com\/fr\/wp-json\/wp\/v2\/posts\/15977","targetHints":{"allow":["GET"]}}],"collection":[{"href":"https:\/\/www.vellsam.com\/fr\/wp-json\/wp\/v2\/posts"}],"about":[{"href":"https:\/\/www.vellsam.com\/fr\/wp-json\/wp\/v2\/types\/post"}],"author":[{"embeddable":true,"href":"https:\/\/www.vellsam.com\/fr\/wp-json\/wp\/v2\/users\/3"}],"replies":[{"embeddable":true,"href":"https:\/\/www.vellsam.com\/fr\/wp-json\/wp\/v2\/comments?post=15977"}],"version-history":[{"count":1,"href":"https:\/\/www.vellsam.com\/fr\/wp-json\/wp\/v2\/posts\/15977\/revisions"}],"predecessor-version":[{"id":15978,"href":"https:\/\/www.vellsam.com\/fr\/wp-json\/wp\/v2\/posts\/15977\/revisions\/15978"}],"wp:featuredmedia":[{"embeddable":true,"href":"https:\/\/www.vellsam.com\/fr\/wp-json\/wp\/v2\/media\/15972"}],"wp:attachment":[{"href":"https:\/\/www.vellsam.com\/fr\/wp-json\/wp\/v2\/media?parent=15977"}],"wp:term":[{"taxonomy":"category","embeddable":true,"href":"https:\/\/www.vellsam.com\/fr\/wp-json\/wp\/v2\/categories?post=15977"},{"taxonomy":"post_tag","embeddable":true,"href":"https:\/\/www.vellsam.com\/fr\/wp-json\/wp\/v2\/tags?post=15977"}],"curies":[{"name":"wp","href":"https:\/\/api.w.org\/{rel}","templated":true}]}}